{"id":18,"date":"2016-09-07T20:31:11","date_gmt":"2016-09-07T19:31:11","guid":{"rendered":"http:\/\/eltern.kinderkrippe-sonnenschein.ch\/?p=18"},"modified":"2016-09-08T10:54:25","modified_gmt":"2016-09-08T09:54:25","slug":"test-beitrag-info-an-alle-eltern","status":"publish","type":"post","link":"https:\/\/eltern.kinderkrippe-sonnenschein.ch\/login\/test-beitrag-info-an-alle-eltern\/","title":{"rendered":"Info an alle Eltern"},"content":{"rendered":"<p>Liebe Eltern,<\/p>\n<p>n\u00e4chsten Montag 12. September findet das Knabenschiessen statt. Wir m\u00f6chten hiermit euch mitteilen, dass unsere Krippe nur bis 13 Uhr offen ist.<\/p>\n<p>&nbsp;<\/p>\n<p>herzliche Gr\u00fcsse<\/p>\n<p>Das Kinderkrippe Sonnenschein Team<\/p>\n<p><img decoding=\"async\" loading=\"lazy\" class=\"alignnone wp-image-11 size-medium\" src=\"https:\/\/eltern.kinderkrippe-sonnenschein.ch\/wp-content\/uploads\/2016\/09\/Sonnenschein_Logo-300x118.png\" alt=\"Sonnenschein_Logo\" width=\"300\" height=\"118\" srcset=\"https:\/\/eltern.kinderkrippe-sonnenschein.ch\/wp-content\/uploads\/2016\/09\/Sonnenschein_Logo-300x118.png 300w, https:\/\/eltern.kinderkrippe-sonnenschein.ch\/wp-content\/uploads\/2016\/09\/Sonnenschein_Logo.png 400w\" sizes=\"(max-width: 300px) 100vw, 300px\" \/><\/p>\n","protected":false},"excerpt":{"rendered":"<p>Liebe Eltern, n\u00e4chsten Montag 12. September findet das Knabenschiessen statt. Wir m\u00f6chten hiermit euch mitteilen, dass unsere Krippe nur bis 13 Uhr offen ist. &nbsp; herzliche Gr\u00fcsse Das Kinderkrippe Sonnenschein Team<\/p>\n","protected":false},"author":1,"featured_media":0,"comment_status":"open","ping_status":"closed","sticky":false,"template":"","format":"quote","meta":{"footnotes":""},"categories":[4],"tags":[],"_links":{"self":[{"href":"https:\/\/eltern.kinderkrippe-sonnenschein.ch\/login\/wp-json\/wp\/v2\/posts\/18"}],"collection":[{"href":"https:\/\/eltern.kinderkrippe-sonnenschein.ch\/login\/wp-json\/wp\/v2\/posts"}],"about":[{"href":"https:\/\/eltern.kinderkrippe-sonnenschein.ch\/login\/wp-json\/wp\/v2\/types\/post"}],"author":[{"embeddable":true,"href":"https:\/\/eltern.kinderkrippe-sonnenschein.ch\/login\/wp-json\/wp\/v2\/users\/1"}],"replies":[{"embeddable":true,"href":"https:\/\/eltern.kinderkrippe-sonnenschein.ch\/login\/wp-json\/wp\/v2\/comments?post=18"}],"version-history":[{"count":3,"href":"https:\/\/eltern.kinderkrippe-sonnenschein.ch\/login\/wp-json\/wp\/v2\/posts\/18\/revisions"}],"predecessor-version":[{"id":50,"href":"https:\/\/eltern.kinderkrippe-sonnenschein.ch\/login\/wp-json\/wp\/v2\/posts\/18\/revisions\/50"}],"wp:attachment":[{"href":"https:\/\/eltern.kinderkrippe-sonnenschein.ch\/login\/wp-json\/wp\/v2\/media?parent=18"}],"wp:term":[{"taxonomy":"category","embeddable":true,"href":"https:\/\/eltern.kinderkrippe-sonnenschein.ch\/login\/wp-json\/wp\/v2\/categories?post=18"},{"taxonomy":"post_tag","embeddable":true,"href":"https:\/\/eltern.kinderkrippe-sonnenschein.ch\/login\/wp-json\/wp\/v2\/tags?post=18"}],"curies":[{"name":"wp","href":"https:\/\/api.w.org\/{rel}","templated":true}]}}