{"id":51,"date":"2016-09-08T10:59:50","date_gmt":"2016-09-08T09:59:50","guid":{"rendered":"http:\/\/eltern.kinderkrippe-sonnenschein.ch\/?p=51"},"modified":"2016-09-08T11:01:06","modified_gmt":"2016-09-08T10:01:06","slug":"gibts-zu-viele-kinderbetreuungsplaetze","status":"publish","type":"post","link":"https:\/\/eltern.kinderkrippe-sonnenschein.ch\/login\/gibts-zu-viele-kinderbetreuungsplaetze\/","title":{"rendered":"Gibts zu viele Kinderbetreuungspl\u00e4tze?"},"content":{"rendered":"<p>Die Stadt Z\u00fcrich hat bereits im Mai verk\u00fcndet: Die Zahl der Betreuungspl\u00e4tze in Kinderkrippen deckt die Nachfrage \u00abgr\u00f6sstenteils\u00bb. Nun ist es auch in der zweitgr\u00f6ssten Stadt im Kanton der Fall: In Winterthur decke das Angebot die Nachfrage, nachdem im vergangenen Jahr sogar ein \u00dcberangebot bestanden habe, schreibt der \u00abLandbote\u00bb.<\/p>\n<p>Lesen Sie <a href=\"http:\/\/www.tagesanzeiger.ch\/zuerich\/region\/gibts-zu-viele-statt-zu-wenige-kinderbetreuungsplaetze\/story\/13647373\" target=\"_blank\">hier<\/a> weiter.<\/p>\n<p>&nbsp;<\/p>\n","protected":false},"excerpt":{"rendered":"<p>Die Stadt Z\u00fcrich hat bereits im Mai verk\u00fcndet: Die Zahl der Betreuungspl\u00e4tze in Kinderkrippen deckt die Nachfrage \u00abgr\u00f6sstenteils\u00bb. Nun ist es auch in der zweitgr\u00f6ssten Stadt im Kanton der Fall: In Winterthur decke das Angebot die Nachfrage, nachdem im vergangenen Jahr sogar ein \u00dcberangebot bestanden habe, schreibt der \u00abLandbote\u00bb. Lesen Sie hier weiter. &nbsp;<\/p>\n","protected":false},"author":1,"featured_media":0,"comment_status":"open","ping_status":"closed","sticky":false,"template":"","format":"link","meta":{"footnotes":""},"categories":[7],"tags":[],"_links":{"self":[{"href":"https:\/\/eltern.kinderkrippe-sonnenschein.ch\/login\/wp-json\/wp\/v2\/posts\/51"}],"collection":[{"href":"https:\/\/eltern.kinderkrippe-sonnenschein.ch\/login\/wp-json\/wp\/v2\/posts"}],"about":[{"href":"https:\/\/eltern.kinderkrippe-sonnenschein.ch\/login\/wp-json\/wp\/v2\/types\/post"}],"author":[{"embeddable":true,"href":"https:\/\/eltern.kinderkrippe-sonnenschein.ch\/login\/wp-json\/wp\/v2\/users\/1"}],"replies":[{"embeddable":true,"href":"https:\/\/eltern.kinderkrippe-sonnenschein.ch\/login\/wp-json\/wp\/v2\/comments?post=51"}],"version-history":[{"count":3,"href":"https:\/\/eltern.kinderkrippe-sonnenschein.ch\/login\/wp-json\/wp\/v2\/posts\/51\/revisions"}],"predecessor-version":[{"id":54,"href":"https:\/\/eltern.kinderkrippe-sonnenschein.ch\/login\/wp-json\/wp\/v2\/posts\/51\/revisions\/54"}],"wp:attachment":[{"href":"https:\/\/eltern.kinderkrippe-sonnenschein.ch\/login\/wp-json\/wp\/v2\/media?parent=51"}],"wp:term":[{"taxonomy":"category","embeddable":true,"href":"https:\/\/eltern.kinderkrippe-sonnenschein.ch\/login\/wp-json\/wp\/v2\/categories?post=51"},{"taxonomy":"post_tag","embeddable":true,"href":"https:\/\/eltern.kinderkrippe-sonnenschein.ch\/login\/wp-json\/wp\/v2\/tags?post=51"}],"curies":[{"name":"wp","href":"https:\/\/api.w.org\/{rel}","templated":true}]}}