{"id":56,"date":"2016-09-10T15:39:46","date_gmt":"2016-09-10T14:39:46","guid":{"rendered":"http:\/\/eltern.kinderkrippe-sonnenschein.ch\/?p=56"},"modified":"2016-10-01T01:38:22","modified_gmt":"2016-10-01T00:38:22","slug":"programm-september-und-oktober-2016","status":"publish","type":"post","link":"https:\/\/eltern.kinderkrippe-sonnenschein.ch\/login\/programm-september-und-oktober-2016\/","title":{"rendered":"Programm September und Oktober 2016"},"content":{"rendered":"<p>Liebe Familien der Krippe Sonnenschein<\/p>\n<p>Wie ich schon im letzten Brief informierte, hatte ich eine Zusage einer neuen Erzieherin, welche bei uns arbeiten will. Die neue Mitarbeiterin heisst Stefani Rizzo, ist Fachfrau Kinderbetreuung, hat 2 Jahre Berufspraxis in diesem Bereich und bringt Erfahrung in der Betreuung von S\u00e4uglingen mit. Frau Rizzo wird ab 1.Oktober die S\u00e4uglingsgruppe als Gruppenleiterin betreuen. Ich freue mich auf eine erfolgreiche Zusammenarbeit und heisse Frau Rizzo schon jetzt herzlich willkommen.<\/p>\n<p>F\u00fcr unsere Thema des Monats und die Aktivit\u00e4ten im Garten wollen wir zusammen mit den Kindern eine Blumen gestalten, Daf\u00fcr bitte ich Euch liebe Eltern zu Hause die Deckel von Plastikflaschen zu sammeln und diese bis am 23. September in die Krippe zu bringen, egal wie gross oder klein diese sind. Wir werden mit den Kinder und dem Material unseren Garten dekorieren. Ich danke Euch im Voraus f\u00fcr die Unterst\u00fctzung. Folgend ein\u00a0PDF mit dem detaillierten Programm:\u00a0<a href=\"https:\/\/eltern.kinderkrippe-sonnenschein.ch\/wp-content\/uploads\/2016\/09\/InfoblatSep-Okt16.pdf\">infoblatsep-okt16<\/a><\/p>\n<p>Im Weiteren informiert ich, dass Bel definitiv bis auf weitere 100% krankgeschrieben ist.<\/p>\n<p>Zuletzt erinnere ich Euch an unseren Elternabend vom 05.10.16 und sich diesen Abend zu reservieren.<\/p>\n<p>Wir w\u00fcnschen Euch allen einen sch\u00f6nen Herbstanfang.<\/p>\n<p>Flori und co<\/p>\n<p>&nbsp;<\/p>\n<p>&nbsp;<\/p>\n<p>&nbsp;<\/p>\n","protected":false},"excerpt":{"rendered":"<p>Liebe Familien der Krippe Sonnenschein Wie ich schon im letzten Brief informierte, hatte ich eine Zusage einer neuen Erzieherin, welche bei uns arbeiten will. Die neue Mitarbeiterin heisst Stefani Rizzo, ist Fachfrau Kinderbetreuung, hat 2 Jahre Berufspraxis in diesem Bereich und bringt Erfahrung in der Betreuung von S\u00e4uglingen mit. Frau Rizzo wird ab 1.Oktober die [&hellip;]<\/p>\n","protected":false},"author":1,"featured_media":0,"comment_status":"open","ping_status":"closed","sticky":false,"template":"","format":"standard","meta":{"footnotes":""},"categories":[4],"tags":[11,9,10],"_links":{"self":[{"href":"https:\/\/eltern.kinderkrippe-sonnenschein.ch\/login\/wp-json\/wp\/v2\/posts\/56"}],"collection":[{"href":"https:\/\/eltern.kinderkrippe-sonnenschein.ch\/login\/wp-json\/wp\/v2\/posts"}],"about":[{"href":"https:\/\/eltern.kinderkrippe-sonnenschein.ch\/login\/wp-json\/wp\/v2\/types\/post"}],"author":[{"embeddable":true,"href":"https:\/\/eltern.kinderkrippe-sonnenschein.ch\/login\/wp-json\/wp\/v2\/users\/1"}],"replies":[{"embeddable":true,"href":"https:\/\/eltern.kinderkrippe-sonnenschein.ch\/login\/wp-json\/wp\/v2\/comments?post=56"}],"version-history":[{"count":3,"href":"https:\/\/eltern.kinderkrippe-sonnenschein.ch\/login\/wp-json\/wp\/v2\/posts\/56\/revisions"}],"predecessor-version":[{"id":60,"href":"https:\/\/eltern.kinderkrippe-sonnenschein.ch\/login\/wp-json\/wp\/v2\/posts\/56\/revisions\/60"}],"wp:attachment":[{"href":"https:\/\/eltern.kinderkrippe-sonnenschein.ch\/login\/wp-json\/wp\/v2\/media?parent=56"}],"wp:term":[{"taxonomy":"category","embeddable":true,"href":"https:\/\/eltern.kinderkrippe-sonnenschein.ch\/login\/wp-json\/wp\/v2\/categories?post=56"},{"taxonomy":"post_tag","embeddable":true,"href":"https:\/\/eltern.kinderkrippe-sonnenschein.ch\/login\/wp-json\/wp\/v2\/tags?post=56"}],"curies":[{"name":"wp","href":"https:\/\/api.w.org\/{rel}","templated":true}]}}